{"id":1279,"date":"2026-07-06T20:25:02","date_gmt":"2026-07-06T20:25:02","guid":{"rendered":"http:\/\/www.bursaprofil.com.tr\/?p=1279"},"modified":"2026-07-06T20:40:27","modified_gmt":"2026-07-06T20:40:27","slug":"dkp-sac-ile-siyah-sac-arasindaki-farklar-nelerdir","status":"publish","type":"post","link":"http:\/\/www.bursaprofil.com.tr\/?p=1279","title":{"rendered":"DKP Sac ile Siyah Sac Aras\u0131ndaki Farklar Nelerdir?"},"content":{"rendered":"\n<p>Sac se\u00e7iminde en \u00e7ok kar\u015f\u0131la\u015f\u0131lan sorulardan biri <strong>DKP sac ile siyah sac aras\u0131ndaki farkt\u0131r.<\/strong> Her iki \u00fcr\u00fcn de \u00e7elikten \u00fcretilmesine ra\u011fmen, \u00fcretim \u015fekilleri ve kullan\u0131m alanlar\u0131 bak\u0131m\u0131ndan \u00f6nemli farkl\u0131l\u0131klara sahiptir. Do\u011fru \u00fcr\u00fcn\u00fc se\u00e7mek, hem maliyet hem de kullan\u0131m \u00f6mr\u00fc a\u00e7\u0131s\u0131ndan b\u00fcy\u00fck avantaj sa\u011flar.<\/p>\n\n\n\n<h2 class=\"wp-block-heading\">DKP Sac Nedir?<\/h2>\n\n\n\n<p>DKP (Derin \u00c7ekme Kalitesinde) sac, s\u0131cak haddelenmi\u015f sac\u0131n so\u011fuk haddeleme i\u015fleminden ge\u00e7irilmesiyle elde edilir. Bu i\u015flem sayesinde y\u00fczeyi daha p\u00fcr\u00fczs\u00fcz, \u00f6l\u00e7\u00fc toleranslar\u0131 daha hassas ve i\u015flenebilirli\u011fi daha y\u00fcksektir.<\/p>\n\n\n\n<h3 class=\"wp-block-heading\">DKP Sac\u0131n Avantajlar\u0131<\/h3>\n\n\n\n<div class=\"\" data-col=\"2\"><ul class=\"wp-block-list\">\n<li>P\u00fcr\u00fczs\u00fcz ve kaliteli y\u00fczeye sahiptir.<\/li>\n\n\n\n<li>Boyama i\u015flemleri i\u00e7in uygundur.<\/li>\n\n\n\n<li>Hassas \u00f6l\u00e7\u00fclerde \u00fcretilir.<\/li>\n\n\n\n<li>Kaynak ve b\u00fck\u00fcm i\u015flemlerinde y\u00fcksek performans sunar.<\/li>\n\n\n\n<li>Derin \u00e7ekme ve \u015fekillendirme i\u015flemlerinde ba\u015far\u0131l\u0131 sonu\u00e7 verir.<\/li>\n<\/ul><\/div>\n\n\n\n<h2 class=\"wp-block-heading\">Siyah Sac Nedir?<\/h2>\n\n\n\n<p>Siyah sac, s\u0131cak haddeleme y\u00f6ntemiyle \u00fcretilen \u00e7elik sacd\u0131r. Y\u00fczeyinde haddeleme i\u015fleminden kaynaklanan koyu renkli oksit tabakas\u0131 bulunur. Ekonomik olmas\u0131 nedeniyle bir\u00e7ok sekt\u00f6rde yayg\u0131n olarak tercih edilir.<\/p>\n\n\n\n<h3 class=\"wp-block-heading\">Siyah Sac\u0131n Avantajlar\u0131<\/h3>\n\n\n\n<div class=\"\" data-col=\"2\"><ul class=\"wp-block-list\">\n<li>Daha ekonomik bir se\u00e7enektir.<\/li>\n\n\n\n<li>Y\u00fcksek dayan\u0131m sunar.<\/li>\n\n\n\n<li>\u00c7elik konstr\u00fcksiyon projelerinde s\u0131k kullan\u0131l\u0131r.<\/li>\n\n\n\n<li>Kaynak i\u015flemlerine uygundur.<\/li>\n\n\n\n<li>Geni\u015f kal\u0131nl\u0131k se\u00e7enekleri bulunur.<\/li>\n<\/ul><\/div>\n\n\n\n<h2 class=\"wp-block-heading\">DKP Sac ile Siyah Sac Aras\u0131ndaki Temel Farklar<\/h2>\n\n\n\n<figure class=\"wp-block-table\"><table class=\"has-fixed-layout\"><thead><tr><th>\u00d6zellik<\/th><th>DKP Sac<\/th><th>Siyah Sac<\/th><\/tr><\/thead><tbody><tr><td>\u00dcretim Y\u00f6ntemi<\/td><td>So\u011fuk haddelenmi\u015f<\/td><td>S\u0131cak haddelenmi\u015f<\/td><\/tr><tr><td>Y\u00fczey Kalitesi<\/td><td>P\u00fcr\u00fczs\u00fcz<\/td><td>Daha p\u00fcr\u00fczl\u00fc<\/td><\/tr><tr><td>Boyanabilirlik<\/td><td>\u00c7ok iyi<\/td><td>Y\u00fczey haz\u0131rl\u0131\u011f\u0131 gerekir<\/td><\/tr><tr><td>Hassasiyet<\/td><td>Y\u00fcksek<\/td><td>Standart<\/td><\/tr><tr><td>Fiyat<\/td><td>Daha y\u00fcksek<\/td><td>Daha ekonomiktir<\/td><\/tr><tr><td>Kullan\u0131m Alan\u0131<\/td><td>Otomotiv, mobilya, beyaz e\u015fya<\/td><td>\u0130n\u015faat, \u00e7elik konstr\u00fcksiyon, sanayi<\/td><\/tr><\/tbody><\/table><\/figure>\n\n\n\n<h2 class=\"wp-block-heading\">Hangisini Tercih Etmelisiniz?<\/h2>\n\n\n\n<div class=\"\" data-col=\"2\"><ul class=\"wp-block-list\">\n<li><strong>Hassas \u00fcretim, kaliteli y\u00fczey ve boyama i\u015flemleri gerekiyorsa:<\/strong> DKP Sac<\/li>\n\n\n\n<li><strong>Ekonomik ve dayan\u0131kl\u0131 bir \u00e7\u00f6z\u00fcm ar\u0131yorsan\u0131z:<\/strong> Siyah Sac<\/li>\n<\/ul><\/div>\n\n\n\n<p>Her projenin ihtiyac\u0131 farkl\u0131d\u0131r. Do\u011fru sac se\u00e7imi i\u00e7in kullan\u0131m amac\u0131, ta\u015f\u0131yaca\u011f\u0131 y\u00fck ve \u00e7al\u0131\u015fma ortam\u0131 mutlaka de\u011ferlendirilmelidir.<\/p>\n\n\n\n<h2 class=\"wp-block-heading\">Bursa Profil&#8217;den Destek Al\u0131n<\/h2>\n\n\n\n<p>DKP Sac, Siyah Sac ve di\u011fer \u00e7elik \u00fcr\u00fcnleri hakk\u0131nda detayl\u0131 bilgi almak, projenize en uygun \u00fcr\u00fcn\u00fc belirlemek veya g\u00fcncel fiyat teklifi almak i\u00e7in bizimle ileti\u015fime ge\u00e7ebilirsiniz.<\/p>\n\n\n\n<p><strong>&#x1f4de; Bursa Profil<\/strong><br><strong>0551 963 25 63<\/strong><\/p>\n\n\n\n<p>Uzman ekibimiz, ihtiyac\u0131n\u0131za en uygun \u00fcr\u00fcn se\u00e7iminde sizlere memnuniyetle yard\u0131mc\u0131 olacakt\u0131r.<\/p>\n","protected":false},"excerpt":{"rendered":"<p>Sac se\u00e7iminde en \u00e7ok kar\u015f\u0131la\u015f\u0131lan sorulardan biri DKP sac ile siyah sac aras\u0131ndaki farkt\u0131r. Her iki \u00fcr\u00fcn de \u00e7elikten \u00fcretilmesine ra\u011fmen, \u00fcretim \u015fekilleri ve kullan\u0131m alanlar\u0131 bak\u0131m\u0131ndan \u00f6nemli farkl\u0131l\u0131klara sahiptir. Do\u011fru \u00fcr\u00fcn\u00fc se\u00e7mek, hem maliyet hem de kullan\u0131m \u00f6mr\u00fc a\u00e7\u0131s\u0131ndan b\u00fcy\u00fck avantaj sa\u011flar. DKP Sac Nedir? DKP (Derin \u00c7ekme Kalitesinde) sac, s\u0131cak haddelenmi\u015f sac\u0131n so\u011fuk [&hellip;]<\/p>\n","protected":false},"author":1,"featured_media":1234,"comment_status":"open","ping_status":"open","sticky":false,"template":"","format":"standard","meta":{"om_disable_all_campaigns":false,"_mi_skip_tracking":false,"footnotes":""},"categories":[5],"tags":[],"class_list":["post-1279","post","type-post","status-publish","format-standard","has-post-thumbnail","hentry","category-urun-bilgilendirmeleri"],"aioseo_notices":[],"_links":{"self":[{"href":"http:\/\/www.bursaprofil.com.tr\/index.php?rest_route=\/wp\/v2\/posts\/1279","targetHints":{"allow":["GET"]}}],"collection":[{"href":"http:\/\/www.bursaprofil.com.tr\/index.php?rest_route=\/wp\/v2\/posts"}],"about":[{"href":"http:\/\/www.bursaprofil.com.tr\/index.php?rest_route=\/wp\/v2\/types\/post"}],"author":[{"embeddable":true,"href":"http:\/\/www.bursaprofil.com.tr\/index.php?rest_route=\/wp\/v2\/users\/1"}],"replies":[{"embeddable":true,"href":"http:\/\/www.bursaprofil.com.tr\/index.php?rest_route=%2Fwp%2Fv2%2Fcomments&post=1279"}],"version-history":[{"count":1,"href":"http:\/\/www.bursaprofil.com.tr\/index.php?rest_route=\/wp\/v2\/posts\/1279\/revisions"}],"predecessor-version":[{"id":1280,"href":"http:\/\/www.bursaprofil.com.tr\/index.php?rest_route=\/wp\/v2\/posts\/1279\/revisions\/1280"}],"wp:featuredmedia":[{"embeddable":true,"href":"http:\/\/www.bursaprofil.com.tr\/index.php?rest_route=\/wp\/v2\/media\/1234"}],"wp:attachment":[{"href":"http:\/\/www.bursaprofil.com.tr\/index.php?rest_route=%2Fwp%2Fv2%2Fmedia&parent=1279"}],"wp:term":[{"taxonomy":"category","embeddable":true,"href":"http:\/\/www.bursaprofil.com.tr\/index.php?rest_route=%2Fwp%2Fv2%2Fcategories&post=1279"},{"taxonomy":"post_tag","embeddable":true,"href":"http:\/\/www.bursaprofil.com.tr\/index.php?rest_route=%2Fwp%2Fv2%2Ftags&post=1279"}],"curies":[{"name":"wp","href":"https:\/\/api.w.org\/{rel}","templated":true}]}}